{"id":249,"date":"2026-01-26T18:10:44","date_gmt":"2026-01-26T18:10:44","guid":{"rendered":"https:\/\/lak.im-nomade.com\/?p=249"},"modified":"2026-04-03T15:42:41","modified_gmt":"2026-04-03T15:42:41","slug":"course-aux-nombres","status":"publish","type":"post","link":"https:\/\/lak.edu.lb\/en\/2026\/01\/26\/course-aux-nombres\/","title":{"rendered":"F\u00eate des professeurs : hommage \u00e0 l&rsquo;engagement de nos \u00e9quipes."},"content":{"rendered":"<p>\u00a0Le Lyc\u00e9e Abdel Kader, c\u2019est avant tout une \u00e9quipe. Pour c\u00e9l\u00e9brer la Journ\u00e9e des Professeurs, nous donnons la parole \u00e0 ceux qui accompagnent quotidiennement nos \u00e9l\u00e8ves. D\u00e9couvrez les t\u00e9moignages de nos enseignants : <a href=\"https:\/\/www.instagram.com\/reel\/DVq6G5WApFa\/?utm_source=ig_web_copy_link&amp;igsh=MzRlODBiNWFlZA==\">https:\/\/www.instagram.com\/reel\/DVq6G5WApFa\/?utm_source=ig_web_copy_link&amp;igsh=MzRlODBiNWFlZA==<\/a><\/p>\n\n\n\n<p>&nbsp;La f\u00eate des Professeurs est un moment fort du calendrier de notre \u00e9tablissement. Cette ann\u00e9e, elle rev\u00eat une dimension particuli\u00e8re, soulignant la force et la stabilit\u00e9 que nos enseignants apportent \u00e0 la communaut\u00e9 \u00e9ducative.<\/p>\n\n\n\n<p>\u00c0 travers leurs t\u00e9moignages, ils nous partagent leur quotidien, leurs motivations et leur attachement profond \u00e0 la r\u00e9ussite de chaque \u00e9l\u00e8ve. Un hommage m\u00e9rit\u00e9 pour ceux qui b\u00e2tissent, jour apr\u00e8s jour, le futur de notre jeunesse.<\/p>\n\n\n\n<p>Merci \u00e0 tous nos professeurs pour leur d\u00e9vouement sans faille !<\/p>\n\n\n\n<p><\/p>","protected":false},"excerpt":{"rendered":"<p>\u00a0Le Lyc\u00e9e Abdel Kader, c\u2019est avant tout une \u00e9quipe. Pour c\u00e9l\u00e9brer la Journ\u00e9e des Professeurs, nous donnons la parole \u00e0 ceux qui accompagnent quotidiennement nos \u00e9l\u00e8ves. D\u00e9couvrez les t\u00e9moignages de nos enseignants : https:\/\/www.instagram.com\/reel\/DVq6G5WApFa\/?utm_source=ig_web_copy_link&amp;igsh=MzRlODBiNWFlZA== &nbsp;La f\u00eate des Professeurs est un moment fort du calendrier de notre \u00e9tablissement. Cette ann\u00e9e, elle rev\u00eat une dimension particuli\u00e8re, soulignant [&hellip;]<\/p>\n","protected":false},"author":1,"featured_media":933,"comment_status":"open","ping_status":"open","sticky":false,"template":"","format":"standard","meta":{"_acf_changed":false,"footnotes":""},"categories":[9],"tags":[],"class_list":["post-249","post","type-post","status-publish","format-standard","has-post-thumbnail","hentry","category-divers"],"acf":[],"_links":{"self":[{"href":"https:\/\/lak.edu.lb\/en\/wp-json\/wp\/v2\/posts\/249","targetHints":{"allow":["GET"]}}],"collection":[{"href":"https:\/\/lak.edu.lb\/en\/wp-json\/wp\/v2\/posts"}],"about":[{"href":"https:\/\/lak.edu.lb\/en\/wp-json\/wp\/v2\/types\/post"}],"author":[{"embeddable":true,"href":"https:\/\/lak.edu.lb\/en\/wp-json\/wp\/v2\/users\/1"}],"replies":[{"embeddable":true,"href":"https:\/\/lak.edu.lb\/en\/wp-json\/wp\/v2\/comments?post=249"}],"version-history":[{"count":3,"href":"https:\/\/lak.edu.lb\/en\/wp-json\/wp\/v2\/posts\/249\/revisions"}],"predecessor-version":[{"id":939,"href":"https:\/\/lak.edu.lb\/en\/wp-json\/wp\/v2\/posts\/249\/revisions\/939"}],"wp:featuredmedia":[{"embeddable":true,"href":"https:\/\/lak.edu.lb\/en\/wp-json\/wp\/v2\/media\/933"}],"wp:attachment":[{"href":"https:\/\/lak.edu.lb\/en\/wp-json\/wp\/v2\/media?parent=249"}],"wp:term":[{"taxonomy":"category","embeddable":true,"href":"https:\/\/lak.edu.lb\/en\/wp-json\/wp\/v2\/categories?post=249"},{"taxonomy":"post_tag","embeddable":true,"href":"https:\/\/lak.edu.lb\/en\/wp-json\/wp\/v2\/tags?post=249"}],"curies":[{"name":"wp","href":"https:\/\/api.w.org\/{rel}","templated":true}]}}