{"id":252,"date":"2026-01-26T18:11:31","date_gmt":"2026-01-26T18:11:31","guid":{"rendered":"https:\/\/lak.im-nomade.com\/?p=252"},"modified":"2026-04-03T15:54:36","modified_gmt":"2026-04-03T15:54:36","slug":"le-projet-math-en-jeans-a-demarre-avec-une-belle-energie-cette-annee","status":"publish","type":"post","link":"https:\/\/lak.edu.lb\/en\/2026\/01\/26\/le-projet-math-en-jeans-a-demarre-avec-une-belle-energie-cette-annee\/","title":{"rendered":"La r\u00e9cup\u00e9ration du mat\u00e9riel scolaire des \u00e9l\u00e9mentaires et des maternelles : une mobilisation totale pour nos \u00e9l\u00e8ves"},"content":{"rendered":"<p>La continuit\u00e9 reste notre priorit\u00e9 absolue. Nos \u00e9quipes administratives et enseignantes sont actuellement mobilis\u00e9es pour r\u00e9cup\u00e9rer le mat\u00e9riel p\u00e9dagogique indispensable \u00e0 nos \u00e9l\u00e8ves : manuels scolaires, cahiers et effets personnels.<\/p>\n\n\n\n<p>L&rsquo;objectif est clair : doter chaque enfant des outils n\u00e9cessaires pour poursuivre son parcours dans les meilleures conditions possibles. Dans ces jours difficiles, la solidarit\u00e9 de la communaut\u00e9 du LAK est notre plus grand atout. Ensemble, nous mettons tout en \u0153uvre pour accompagner nos \u00e9l\u00e8ves vers l&rsquo;excellence, quel que soit le contexte.<\/p>\n\n\n\n<p>Prenez bien soin de vous et restez en s\u00e9curit\u00e9. <\/p>\n\n\n\n<p>Pour d\u00e9couvrir les images de cette mobilisation : <a href=\"https:\/\/www.instagram.com\/reel\/DV_R9fbggcx\/?utm_source=ig_web_copy_link&amp;igsh=MzRlODBiNWFlZA==\">https:\/\/www.instagram.com\/reel\/DV_R9fbggcx\/?utm_source=ig_web_copy_link&amp;igsh=MzRlODBiNWFlZA==<\/a><\/p>\n\n\n\n<p><\/p>","protected":false},"excerpt":{"rendered":"<p>La continuit\u00e9 reste notre priorit\u00e9 absolue. Nos \u00e9quipes administratives et enseignantes sont actuellement mobilis\u00e9es pour r\u00e9cup\u00e9rer le mat\u00e9riel p\u00e9dagogique indispensable \u00e0 nos \u00e9l\u00e8ves : manuels scolaires, cahiers et effets personnels. L&rsquo;objectif est clair : doter chaque enfant des outils n\u00e9cessaires pour poursuivre son parcours dans les meilleures conditions possibles. Dans ces jours difficiles, la solidarit\u00e9 [&hellip;]<\/p>\n","protected":false},"author":1,"featured_media":923,"comment_status":"open","ping_status":"open","sticky":false,"template":"","format":"standard","meta":{"_acf_changed":false,"footnotes":""},"categories":[13],"tags":[],"class_list":["post-252","post","type-post","status-publish","format-standard","has-post-thumbnail","hentry","category-scolarite"],"acf":[],"_links":{"self":[{"href":"https:\/\/lak.edu.lb\/en\/wp-json\/wp\/v2\/posts\/252","targetHints":{"allow":["GET"]}}],"collection":[{"href":"https:\/\/lak.edu.lb\/en\/wp-json\/wp\/v2\/posts"}],"about":[{"href":"https:\/\/lak.edu.lb\/en\/wp-json\/wp\/v2\/types\/post"}],"author":[{"embeddable":true,"href":"https:\/\/lak.edu.lb\/en\/wp-json\/wp\/v2\/users\/1"}],"replies":[{"embeddable":true,"href":"https:\/\/lak.edu.lb\/en\/wp-json\/wp\/v2\/comments?post=252"}],"version-history":[{"count":4,"href":"https:\/\/lak.edu.lb\/en\/wp-json\/wp\/v2\/posts\/252\/revisions"}],"predecessor-version":[{"id":952,"href":"https:\/\/lak.edu.lb\/en\/wp-json\/wp\/v2\/posts\/252\/revisions\/952"}],"wp:featuredmedia":[{"embeddable":true,"href":"https:\/\/lak.edu.lb\/en\/wp-json\/wp\/v2\/media\/923"}],"wp:attachment":[{"href":"https:\/\/lak.edu.lb\/en\/wp-json\/wp\/v2\/media?parent=252"}],"wp:term":[{"taxonomy":"category","embeddable":true,"href":"https:\/\/lak.edu.lb\/en\/wp-json\/wp\/v2\/categories?post=252"},{"taxonomy":"post_tag","embeddable":true,"href":"https:\/\/lak.edu.lb\/en\/wp-json\/wp\/v2\/tags?post=252"}],"curies":[{"name":"wp","href":"https:\/\/api.w.org\/{rel}","templated":true}]}}