{"id":934,"date":"2026-04-03T15:26:22","date_gmt":"2026-04-03T15:26:22","guid":{"rendered":"https:\/\/lak.edu.lb\/?p=934"},"modified":"2026-04-03T15:26:22","modified_gmt":"2026-04-03T15:26:22","slug":"reprise-des-cours-en-presentiel-nos-eleves-accueillis-sur-le-campus-de-lesa-a-clemenceau","status":"publish","type":"post","link":"https:\/\/lak.edu.lb\/en\/2026\/04\/03\/reprise-des-cours-en-presentiel-nos-eleves-accueillis-sur-le-campus-de-lesa-a-clemenceau\/","title":{"rendered":"Reprise des cours en pr\u00e9sentiel : nos \u00e9l\u00e8ves accueillis sur le campus de l\u2019ESA \u00e0 Cl\u00e9menceau"},"content":{"rendered":"<p>Depuis le mardi 24 mars, les \u00e9l\u00e8ves du lyc\u00e9e ont repris leurs activit\u00e9s scolaires en pr\u00e9sentiel dans les locaux de l\u2019\u00c9cole Sup\u00e9rieure des Affaires (ESA) \u00e0 Beyrouth. Ce retour sur les bancs de l\u2019\u00e9cole permet de renforcer le lien p\u00e9dagogique et d\u2019assurer la continuit\u00e9 des apprentissages dans un environnement s\u00e9curis\u00e9.<\/p>\n\n\n\n<p>L\u2019accueil s&rsquo;est d\u00e9roul\u00e9 dans une atmosph\u00e8re chaleureuse. Pour les \u00e9quipes \u00e9ducatives, l&rsquo;objectif est clair : retrouver un rythme de travail direct et op\u00e9rationnel. D\u00e8s les premi\u00e8res heures, les \u00e9l\u00e8ves ont pu r\u00e9investir leurs espaces de travail, \u00e9changer avec leurs professeurs et reprendre leurs habitudes d\u2019\u00e9tude.<\/p>\n\n\n\n<p>Cette installation temporaire sur le site de Clemenceau est le fruit d\u2019une solidarit\u00e9 entre institutions. Elle permet aux lyc\u00e9ens de poursuivre leur scolarit\u00e9 dans des conditions optimales, malgr\u00e9 le contexte complexe que traverse le pays. Le lyc\u00e9e reste pleinement mobilis\u00e9 pour offrir \u00e0 chaque jeune un cadre structur\u00e9, tourn\u00e9 vers la r\u00e9ussite et l&rsquo;avenir.<\/p>\n\n\n\n<p>Retrouvez les images de cette rentr\u00e9e et les sourires de nos \u00e9l\u00e8ves sur notre compte Instagram : <a href=\"https:\/\/www.instagram.com\/reel\/DWUSRZFgvOg\/?utm_source=ig_web_copy_link&amp;igsh=MzRlODBiNWFlZA==\">https:\/\/www.instagram.com\/reel\/DWUSRZFgvOg\/?utm_source=ig_web_copy_link&amp;igsh=MzRlODBiNWFlZA==<\/a><\/p>","protected":false},"excerpt":{"rendered":"<p>Depuis le mardi 24 mars, les \u00e9l\u00e8ves du lyc\u00e9e ont repris leurs activit\u00e9s scolaires en pr\u00e9sentiel dans les locaux de l\u2019\u00c9cole Sup\u00e9rieure des Affaires (ESA) \u00e0 Beyrouth. Ce retour sur les bancs de l\u2019\u00e9cole permet de renforcer le lien p\u00e9dagogique et d\u2019assurer la continuit\u00e9 des apprentissages dans un environnement s\u00e9curis\u00e9. L\u2019accueil s&rsquo;est d\u00e9roul\u00e9 dans une [&hellip;]<\/p>\n","protected":false},"author":2,"featured_media":936,"comment_status":"open","ping_status":"open","sticky":false,"template":"","format":"standard","meta":{"_acf_changed":false,"footnotes":""},"categories":[13],"tags":[],"class_list":["post-934","post","type-post","status-publish","format-standard","has-post-thumbnail","hentry","category-scolarite"],"acf":[],"_links":{"self":[{"href":"https:\/\/lak.edu.lb\/en\/wp-json\/wp\/v2\/posts\/934","targetHints":{"allow":["GET"]}}],"collection":[{"href":"https:\/\/lak.edu.lb\/en\/wp-json\/wp\/v2\/posts"}],"about":[{"href":"https:\/\/lak.edu.lb\/en\/wp-json\/wp\/v2\/types\/post"}],"author":[{"embeddable":true,"href":"https:\/\/lak.edu.lb\/en\/wp-json\/wp\/v2\/users\/2"}],"replies":[{"embeddable":true,"href":"https:\/\/lak.edu.lb\/en\/wp-json\/wp\/v2\/comments?post=934"}],"version-history":[{"count":2,"href":"https:\/\/lak.edu.lb\/en\/wp-json\/wp\/v2\/posts\/934\/revisions"}],"predecessor-version":[{"id":937,"href":"https:\/\/lak.edu.lb\/en\/wp-json\/wp\/v2\/posts\/934\/revisions\/937"}],"wp:featuredmedia":[{"embeddable":true,"href":"https:\/\/lak.edu.lb\/en\/wp-json\/wp\/v2\/media\/936"}],"wp:attachment":[{"href":"https:\/\/lak.edu.lb\/en\/wp-json\/wp\/v2\/media?parent=934"}],"wp:term":[{"taxonomy":"category","embeddable":true,"href":"https:\/\/lak.edu.lb\/en\/wp-json\/wp\/v2\/categories?post=934"},{"taxonomy":"post_tag","embeddable":true,"href":"https:\/\/lak.edu.lb\/en\/wp-json\/wp\/v2\/tags?post=934"}],"curies":[{"name":"wp","href":"https:\/\/api.w.org\/{rel}","templated":true}]}}