{"id":949,"date":"2026-04-03T15:52:43","date_gmt":"2026-04-03T15:52:43","guid":{"rendered":"https:\/\/lak.edu.lb\/?p=949"},"modified":"2026-04-03T15:58:35","modified_gmt":"2026-04-03T15:58:35","slug":"reprise-cours-elementaire-college-verdun","status":"publish","type":"post","link":"https:\/\/lak.edu.lb\/en\/2026\/04\/03\/reprise-cours-elementaire-college-verdun\/","title":{"rendered":"Reprise des cours \u00e0 Verdun 3 : l\u2019\u00e9l\u00e9mentaire et le coll\u00e8ge retrouvent le pr\u00e9sentiel"},"content":{"rendered":"<p>Depuis le jeudi 26 mars, les \u00e9l\u00e8ves de l\u2019\u00e9l\u00e9mentaire et du coll\u00e8ge ont repris leurs cours en pr\u00e9sentiel dans les locaux de la Mission La\u00efque Fran\u00e7aise (MLF) \u00e0 Verdun 3. Ce retour en classe, rendu possible par notre partenaire historique, marque une \u00e9tape cl\u00e9 pour la stabilit\u00e9 de l&rsquo;ann\u00e9e scolaire.<\/p>\n\n\n\n<p>Les retrouvailles ont \u00e9t\u00e9 marqu\u00e9es par une belle \u00e9nergie et des sourires partag\u00e9s. Apr\u00e8s une p\u00e9riode d&rsquo;adaptation, retrouver le plaisir d\u2019apprendre ensemble dans un cadre physique est une priorit\u00e9 pour l&rsquo;\u00e9tablissement. <\/p>\n\n\n\n<p>Cette solution logistique t\u00e9moigne de la solidarit\u00e9 exemplaire au sein du r\u00e9seau de l\u2019enseignement fran\u00e7ais au Liban. En investissant ces nouveaux espaces, nos \u00e9l\u00e8ves retrouvent leurs rep\u00e8res et la dynamique collective n\u00e9cessaire \u00e0 leur r\u00e9ussite. Le lyc\u00e9e poursuit ses efforts pour maintenir cette continuit\u00e9 p\u00e9dagogique humaine et de proximit\u00e9.<\/p>\n\n\n\n<blockquote class=\"wp-block-quote is-layout-flow wp-block-quote-is-layout-flow\">\n<p>Retrouvez les images de ces moments de retrouvailles sur notre compte Instagram : <a href=\"https:\/\/www.instagram.com\/reel\/DWYwaLdAtrX\/?utm_source=ig_web_copy_link&amp;igsh=MzRlODBiNWFlZA==\">https:\/\/www.instagram.com\/reel\/DWYwaLdAtrX\/?utm_source=ig_web_copy_link&amp;igsh=MzRlODBiNWFlZA==<\/a><\/p>\n<\/blockquote>","protected":false},"excerpt":{"rendered":"<p>Depuis le jeudi 26 mars, les \u00e9l\u00e8ves de l\u2019\u00e9l\u00e9mentaire et du coll\u00e8ge ont repris leurs cours en pr\u00e9sentiel dans les locaux de la Mission La\u00efque Fran\u00e7aise (MLF) \u00e0 Verdun 3. Ce retour en classe, rendu possible par notre partenaire historique, marque une \u00e9tape cl\u00e9 pour la stabilit\u00e9 de l&rsquo;ann\u00e9e scolaire. Les retrouvailles ont \u00e9t\u00e9 marqu\u00e9es [&hellip;]<\/p>\n","protected":false},"author":2,"featured_media":950,"comment_status":"open","ping_status":"open","sticky":false,"template":"","format":"standard","meta":{"_acf_changed":false,"footnotes":""},"categories":[13],"tags":[],"class_list":["post-949","post","type-post","status-publish","format-standard","has-post-thumbnail","hentry","category-scolarite"],"acf":[],"_links":{"self":[{"href":"https:\/\/lak.edu.lb\/en\/wp-json\/wp\/v2\/posts\/949","targetHints":{"allow":["GET"]}}],"collection":[{"href":"https:\/\/lak.edu.lb\/en\/wp-json\/wp\/v2\/posts"}],"about":[{"href":"https:\/\/lak.edu.lb\/en\/wp-json\/wp\/v2\/types\/post"}],"author":[{"embeddable":true,"href":"https:\/\/lak.edu.lb\/en\/wp-json\/wp\/v2\/users\/2"}],"replies":[{"embeddable":true,"href":"https:\/\/lak.edu.lb\/en\/wp-json\/wp\/v2\/comments?post=949"}],"version-history":[{"count":2,"href":"https:\/\/lak.edu.lb\/en\/wp-json\/wp\/v2\/posts\/949\/revisions"}],"predecessor-version":[{"id":953,"href":"https:\/\/lak.edu.lb\/en\/wp-json\/wp\/v2\/posts\/949\/revisions\/953"}],"wp:featuredmedia":[{"embeddable":true,"href":"https:\/\/lak.edu.lb\/en\/wp-json\/wp\/v2\/media\/950"}],"wp:attachment":[{"href":"https:\/\/lak.edu.lb\/en\/wp-json\/wp\/v2\/media?parent=949"}],"wp:term":[{"taxonomy":"category","embeddable":true,"href":"https:\/\/lak.edu.lb\/en\/wp-json\/wp\/v2\/categories?post=949"},{"taxonomy":"post_tag","embeddable":true,"href":"https:\/\/lak.edu.lb\/en\/wp-json\/wp\/v2\/tags?post=949"}],"curies":[{"name":"wp","href":"https:\/\/api.w.org\/{rel}","templated":true}]}}